{"id":226,"date":"2012-03-26T11:25:51","date_gmt":"2012-03-26T11:25:51","guid":{"rendered":"http:\/\/www.wir-in-bochum.de\/?p=226"},"modified":"2012-08-01T22:08:08","modified_gmt":"2012-08-01T20:08:08","slug":"rechtsposition-der-stadt-bochum-zum-burgerbegehren-zum-musikzentrum","status":"publish","type":"post","link":"https:\/\/buergerbegehren-musikzentrum.de\/?p=226","title":{"rendered":"Rechtsposition der Stadt Bochum zum B\u00fcrgerbegehren zum Musikzentrum"},"content":{"rendered":"<p><a href=\"http:\/\/buergerbegehren-musikzentrum.de\/wp-content\/uploads\/2012\/03\/paragraf.jpg\"><img loading=\"lazy\" decoding=\"async\" class=\"alignleft\" style=\"border-style: initial; border-color: initial; border-image: initial; border-width: 0px;\" title=\"paragraf\" src=\"http:\/\/buergerbegehren-musikzentrum.de\/wp-content\/uploads\/2012\/03\/paragraf.jpg\" alt=\"\" width=\"118\" height=\"170\" border=\"0\" \/><\/a><\/p>\n<p><span style=\"color: #ff0000;\"><strong>Achtung, bezieht sich auf erstes B\u00fcrgerbegehren,\u00a0das bereits beendet wurde:<\/strong><\/span><\/p>\n<p><strong><\/strong>Die Rechtsdezernentin der Stadt Bochum (Fr. J\u00e4gers, CDU) ist laut Darstellung in der Presse der Auffassung, dass es f\u00fcr ein B\u00fcrgerbegehren zu sp\u00e4t sei, da es sich gegen Ratsbeschluss vom 09.03.11 richten w\u00fcrde (<a href=\"http:\/\/www.radiobochum.de\/Nachrichtenarchiv-Details.230.0.html?&amp;no_cache=1&amp;tx_ttnews[swords]=musikzentrum&amp;tx_ttnews[tt_news]=1382385&amp;tx_ttnews[backPid]=64&amp;cHash=9079f85cd9\" target=\"_blank\">Radio 98.5<\/a>).<\/p>\n<p>Dr. Markus van den H\u00f6vel, Vorsitzender Richter am Landgericht Bochum, tritt dieser Meinung in seiner juristischen Expertise \u00f6ffentlich entgegen (<a href=\" http:\/\/www.derwesten.de\/staedte\/bochum\/musikzentrum-abstimmung-geht-doch-id6561962.html \" target=\"_blank\">WAZ vom 17.04.2012<\/a>).<\/p>\n<p>Auch nach Ansicht der Initiatoren dieses B\u00fcrgerbegehrens ist die Darstellung der Rechtsdezernentin rechtlich fragw\u00fcrdig. Das initiierte B\u00fcrgerbegehren richtet sich darauf, dass die eigentliche Entscheidung des Rates \u00fcber den Bau des Musikzentrums durch die B\u00fcrger an Stelle des Rates noch getroffen werden muss (siehe <a title=\"Inhalt des B\u00fcrgerbegehrens\" href=\"http:\/\/buergerbegehren-musikzentrum.de\/?p=194\">Inhalt des B\u00fcrgerbegehrens<\/a>). Diese Entscheidung ist fr\u00fchestens f\u00fcr den<del><strong>28.06.2012<\/strong><\/del>\u00a0<strong>13.09.12<\/strong> im Rat zu erwarten, da absehbar ist, dass\u00a0vorher die Voraussetzungen f\u00fcr eine Entscheidung nicht vorliegen (<a href=\"http:\/\/http:\/\/buergerbegehren-musikzentrum.de\/?page_id=69\">Termine<\/a>).<\/p>\n<p>Weiter f\u00fchrte die Rechtsdezernentin \u00a0(Fr. J\u00e4gers, CDU)\u00a0\u00a0im Gespr\u00e4ch am 20.03.12 aus, die B\u00fcrger k\u00f6nnten nur einen bereits vom Rat gefassten Beschluss \u00fcber den Bau der Musikzentrums kippen, aber nicht im vorhinein ein B\u00fcrgerbegehren darauf richten, dass der B\u00fcrger die Bauentscheidung an Stelle des Rates trifft.<\/p>\n<p>Diese Rechtsauffassung \u00fcberrascht. Denn sie w\u00fcrde bedeuten, dass die B\u00fcrger vom Gesetzgeber immer gezwungen w\u00fcrde unter Verursachung eines Schadens (Schadenersatz f\u00fcr bereits entstandene Baukosten) einen bereits g\u00fcltigen Beschluss des Rates nachtr\u00e4glich aufzuheben und nicht berechtigt w\u00e4ren \u00fcber den Beschluss gleich selbst an Stelle des Rates zu entscheiden, um so gleich von vornherein einen entstehenden Schaden zu vermeiden.<\/p>\n<p>Am pers\u00f6nlichen Gespr\u00e4ch hat die Rechtsdezernentin der Stadt bereits klar gemacht, dass sie ihre Rechtsposition nicht schriftlich begr\u00fcnden werde. Dieser Standpunkt ist auch deswegen befremdlich, da der <a href=\"http:\/\/www.lexsoft.de\/lexisnexis\/justizportal_nrw.cgi?xid=146702,27\" target=\"_blank\">\u00a7 26 GO (2)<\/a>\u00a0eigentlich folgendes vorsieht: &#8222;<em>Die Verwaltung ist in den Grenzen ihrer Verwaltungskraft ihren B\u00fcrgern bei der Einleitung eines B\u00fcrgerbegehrens behilflich.&#8220;\u00a0<\/em>Ein solches Verhalten ist jedoch von seiten der Verwaltung bisher nicht erkennbar.<\/p>\n<p>Einen Standpunkt \u00f6ffentlich zu verbreiten, diesen jedoch nicht nachvollziehbar schriftlich begr\u00fcnden zu wollen, ist ein \u00fcberaus fragw\u00fcrdiges Vorgehen.<\/p>\n<p>Das Verhalten der Dezernentin k\u00f6nnte erkl\u00e4ren, dass Fr. J\u00e4gers als politische Dezernentin insbes. aufgrund Ihrer Mitgliedschaft bei der CDU von Ihrer Partei auf ihren derzeitigen Posten als Rechtsdezernentin gehoben wurde (<a href=\"http:\/\/www.derwesten.de\/staedte\/gelsenkirchen\/jaegers-soll-dezernentin-in-bochum-werden-id1938242.html\" target=\"_blank\">WAZ vom 24.07.2010<\/a>).<\/p>\n<p>Essentieller Bestandteil der Demokratie ist\u00a0gr\u00f6\u00dftm\u00f6gliche Transparenz, Unabh\u00e4ngigkeit und B\u00fcrgern\u00e4he. Daraus ergibt sich die Verpflichtung der Stadtverwaltung\u00a0ihre Positionen zum\u00a0B\u00fcrgerbegehren und zum Musikzentrum unabh\u00e4ngig und transparent zu entwickeln und darzustellen.<\/p>\n<p>Damit die B\u00fcrger die rechtliche Position nachvollziehen k\u00f6nnen, ist es unbedingt erforderlich, dass die Rechtsdezernentin zu\u00a0ihrer Position eine verst\u00e4ndliche und\u00a0vollst\u00e4ndige rechtliche Begr\u00fcndung ver\u00f6ffentlicht. Darum haben wir mit Mail vom 23.03.12 erneut gebeten.<\/p>\n<p><strong>Nachtrag (02.04.2012)<\/strong><br \/>\nNunmehr hat die <a href=\"http:\/\/www.bochum.de\/C125708500379A31\/vwContentByKey\/W28SVEUB764BOLDDE?open&amp;MCL=StartseiteMCL#par12\" target=\"_blank\">Rechtsdezernentin ihre Position<\/a> auch schriftlich in der st\u00e4dtischen <a title=\"Kostensch\u00e4tzung\" href=\"http:\/\/buergerbegehren-musikzentrum.de\/wp-content\/uploads\/2012\/04\/Kostensch\u00e4tzung-Stadt.pdf\" target=\"_blank\">Kostensch\u00e4tzung <\/a>dokumentiert. Eine Begr\u00fcndung enth\u00e4lt diese nur ansatzweise. Die Position wird weder durch Urteile, Kommentare oder Ausz\u00fcge aus der Gesetzesbegr\u00fcndung begr\u00fcndet. Den einzelnen Ausf\u00fchrungen stehen begr\u00fcndete Gegenpositionen entgegen, siehe <a title=\"FAQ zu Rechtsfragen\" href=\"http:\/\/buergerbegehren-musikzentrum.de\/?p=542\">FAQ zu Rechtsfragen<\/a>.<\/p>\n","protected":false},"excerpt":{"rendered":"<p>Achtung, bezieht sich auf erstes B\u00fcrgerbegehren,\u00a0das bereits beendet wurde: Die Rechtsdezernentin der Stadt Bochum (Fr. J\u00e4gers, CDU) ist laut Darstellung in der Presse der Auffassung, dass es f\u00fcr ein B\u00fcrgerbegehren zu sp\u00e4t sei, da es sich gegen Ratsbeschluss vom 09.03.11 richten w\u00fcrde (Radio 98.5). Dr. Markus van den H\u00f6vel, Vorsitzender Richter am Landgericht Bochum, tritt<a class=\"read-more\" href=\"https:\/\/buergerbegehren-musikzentrum.de\/?p=226\"> [&hellip;]<\/a><\/p>\n","protected":false},"author":1,"featured_media":280,"comment_status":"open","ping_status":"open","sticky":false,"template":"","format":"standard","meta":{"footnotes":""},"categories":[3],"tags":[],"class_list":["post-226","post","type-post","status-publish","format-standard","has-post-thumbnail","hentry","category-burgerbegehren"],"publishpress_future_action":{"enabled":false,"date":"2026-05-07 15:46:57","action":"change-status","newStatus":"draft","terms":[],"taxonomy":"category","extraData":[]},"publishpress_future_workflow_manual_trigger":{"enabledWorkflows":[]},"_links":{"self":[{"href":"https:\/\/buergerbegehren-musikzentrum.de\/index.php?rest_route=\/wp\/v2\/posts\/226","targetHints":{"allow":["GET"]}}],"collection":[{"href":"https:\/\/buergerbegehren-musikzentrum.de\/index.php?rest_route=\/wp\/v2\/posts"}],"about":[{"href":"https:\/\/buergerbegehren-musikzentrum.de\/index.php?rest_route=\/wp\/v2\/types\/post"}],"author":[{"embeddable":true,"href":"https:\/\/buergerbegehren-musikzentrum.de\/index.php?rest_route=\/wp\/v2\/users\/1"}],"replies":[{"embeddable":true,"href":"https:\/\/buergerbegehren-musikzentrum.de\/index.php?rest_route=%2Fwp%2Fv2%2Fcomments&post=226"}],"version-history":[{"count":19,"href":"https:\/\/buergerbegehren-musikzentrum.de\/index.php?rest_route=\/wp\/v2\/posts\/226\/revisions"}],"predecessor-version":[{"id":1235,"href":"https:\/\/buergerbegehren-musikzentrum.de\/index.php?rest_route=\/wp\/v2\/posts\/226\/revisions\/1235"}],"wp:featuredmedia":[{"embeddable":true,"href":"https:\/\/buergerbegehren-musikzentrum.de\/index.php?rest_route=\/wp\/v2\/media\/280"}],"wp:attachment":[{"href":"https:\/\/buergerbegehren-musikzentrum.de\/index.php?rest_route=%2Fwp%2Fv2%2Fmedia&parent=226"}],"wp:term":[{"taxonomy":"category","embeddable":true,"href":"https:\/\/buergerbegehren-musikzentrum.de\/index.php?rest_route=%2Fwp%2Fv2%2Fcategories&post=226"},{"taxonomy":"post_tag","embeddable":true,"href":"https:\/\/buergerbegehren-musikzentrum.de\/index.php?rest_route=%2Fwp%2Fv2%2Ftags&post=226"}],"curies":[{"name":"wp","href":"https:\/\/api.w.org\/{rel}","templated":true}]}}